{"id":241,"date":"2020-10-03T20:09:50","date_gmt":"2020-10-03T20:09:50","guid":{"rendered":"https:\/\/obaex.org\/?p=241"},"modified":"2020-10-03T20:19:04","modified_gmt":"2020-10-03T20:19:04","slug":"la-dehesa-es-un-ecosistema-neutral-en-el-flujo-de-co2","status":"publish","type":"post","link":"https:\/\/obaex.org\/?p=241","title":{"rendered":"La dehesa es un ecosistema neutral en el flujo de CO2"},"content":{"rendered":"\t\t<div data-elementor-type=\"wp-post\" data-elementor-id=\"241\" class=\"elementor elementor-241\">\n\t\t\t\t\t\t<div class=\"elementor-inner\">\n\t\t\t\t<div class=\"elementor-section-wrap\">\n\t\t\t\t\t\t\t\t\t<section class=\"elementor-section elementor-top-section elementor-element elementor-element-3138b7c elementor-section-boxed elementor-section-height-default elementor-section-height-default\" data-id=\"3138b7c\" data-element_type=\"section\">\n\t\t\t\t\t\t<div class=\"elementor-container elementor-column-gap-default\">\n\t\t\t\t\t\t\t<div class=\"elementor-row\">\n\t\t\t\t\t<div class=\"elementor-column elementor-col-100 elementor-top-column elementor-element elementor-element-339b1e9\" data-id=\"339b1e9\" data-element_type=\"column\">\n\t\t\t<div class=\"elementor-column-wrap elementor-element-populated\">\n\t\t\t\t\t\t\t<div class=\"elementor-widget-wrap\">\n\t\t\t\t\t\t<div class=\"elementor-element elementor-element-aa60b75 elementor-widget elementor-widget-text-editor\" data-id=\"aa60b75\" data-element_type=\"widget\" data-widget_type=\"text-editor.default\">\n\t\t\t\t<div class=\"elementor-widget-container\">\n\t\t\t\t\t\t\t\t<div class=\"elementor-text-editor elementor-clearfix\">\n\t\t\t\t<div style=\"width:100%;padding-top:64%;position:relative;border-bottom:1px solid #aaa;display:inline-block;background:#eee;background:rgba(255,255,255,0.9);\">    <iframe src=\"https:\/\/secure-embed.rtve.es\/drmn\/embed\/video\/5457901\" name=\"Gerardo Moreno: &#034; La dehesa es un ecosistema neutral en el fluyo de CO2&#034;\" style=\"width:100%;height:90%;position:absolute;left:0;top:0;overflow:hidden;border:none;background-color:transparent;\" scrolling=\"no\" allowfullscreen=\"allowfullscreen\"><\/iframe>    <div style=\"position:absolute;bottom:0;left:0;font-family:arial,helvetica,sans-serif;font-size:12px;line-height:1.833;display:inline-block;padding:5px 0 5px 10px;\">        <span style=\"float:left;margin-right:10px;\">        \t<img style=\"height:20px;width:auto;background: transparent;padding:0;margin:0;\" src=\"https:\/\/img2.rtve.es\/css\/rtve.commons\/rtve.header.footer\/i\/logoRTVEes.png\" alt=\"\" \/>        <\/span>       \t<a style=\"color:#333;font-weight:bold;\" title=\"Gerardo Moreno: &#034; La dehesa es un ecosistema neutral en el fluyo de CO2&#034;\" href=\"https:\/\/www.rtve.es\/alacarta\/videos\/te-acuerdas\/web_cientifico_rot_02_12_2019\/5457901\/\">            <strong>Gerardo Moreno: &#034; La dehesa es un ecosistema neutral en el fluyo de CO2&#034;<\/strong>\t\t<\/a>\t<\/div><\/div>\t\t\t\t\t<\/div>\n\t\t\t\t\t\t<\/div>\n\t\t\t\t<\/div>\n\t\t\t\t\t\t<\/div>\n\t\t\t\t\t<\/div>\n\t\t<\/div>\n\t\t\t\t\t\t\t\t<\/div>\n\t\t\t\t\t<\/div>\n\t\t<\/section>\n\t\t\t\t\t\t\t\t\t<\/div>\n\t\t\t<\/div>\n\t\t\t\t\t<\/div>\n\t\t","protected":false},"excerpt":{"rendered":"<p>Gerardo Moreno: &#034; La dehesa es un ecosistema neutral en el fluyo de CO2&#034;<\/p>\n","protected":false},"author":1,"featured_media":244,"comment_status":"open","ping_status":"closed","sticky":false,"template":"elementor_header_footer","format":"standard","meta":[],"categories":[57],"tags":[],"yoast_head":"<!-- This site is optimized with the Yoast SEO plugin v17.2 - https:\/\/yoast.com\/wordpress\/plugins\/seo\/ -->\n<meta name=\"description\" content=\"La dehesa es un ecosistema neutral en el flujo de CO2 - An\u00e1lisis de Gerardo Moreno en TVE sobre la influencia de la dehesa como ecosistema.\" \/>\n<meta name=\"robots\" content=\"index, follow, max-snippet:-1, max-image-preview:large, max-video-preview:-1\" \/>\n<link rel=\"canonical\" href=\"https:\/\/obaex.org\/?p=241\" \/>\n<meta property=\"og:locale\" content=\"es_ES\" \/>\n<meta property=\"og:type\" content=\"article\" \/>\n<meta property=\"og:title\" content=\"La dehesa es un ecosistema neutral en el flujo de CO2 - Observatorio Agroecol\u00f3gico Extreme\u00f1o\" \/>\n<meta property=\"og:description\" content=\"La dehesa es un ecosistema neutral en el flujo de CO2 - An\u00e1lisis de Gerardo Moreno en TVE sobre la influencia de la dehesa como ecosistema.\" \/>\n<meta property=\"og:url\" content=\"https:\/\/obaex.org\/?p=241\" \/>\n<meta property=\"og:site_name\" content=\"Observatorio Agroecol\u00f3gico Extreme\u00f1o\" \/>\n<meta property=\"article:published_time\" content=\"2020-10-03T20:09:50+00:00\" \/>\n<meta property=\"article:modified_time\" content=\"2020-10-03T20:19:04+00:00\" \/>\n<meta property=\"og:image\" content=\"https:\/\/obaex.org\/wp-content\/uploads\/2020\/10\/gerardo.jpg\" \/>\n\t<meta property=\"og:image:width\" content=\"823\" \/>\n\t<meta property=\"og:image:height\" content=\"483\" \/>\n<meta name=\"twitter:card\" content=\"summary_large_image\" \/>\n<meta name=\"twitter:label1\" content=\"Escrito por\" \/>\n\t<meta name=\"twitter:data1\" content=\"admin\" \/>\n<script type=\"application\/ld+json\" class=\"yoast-schema-graph\">{\"@context\":\"https:\/\/schema.org\",\"@graph\":[{\"@type\":\"WebSite\",\"@id\":\"https:\/\/obaex.org\/#website\",\"url\":\"https:\/\/obaex.org\/\",\"name\":\"Observatorio Agroecol\\u00f3gico Extreme\\u00f1o\",\"description\":\"Observatorio Agroecol\\u00f3gico Extreme\\u00f1o\",\"potentialAction\":[{\"@type\":\"SearchAction\",\"target\":{\"@type\":\"EntryPoint\",\"urlTemplate\":\"https:\/\/obaex.org\/?s={search_term_string}\"},\"query-input\":\"required name=search_term_string\"}],\"inLanguage\":\"es\"},{\"@type\":\"ImageObject\",\"@id\":\"https:\/\/obaex.org\/?p=241#primaryimage\",\"inLanguage\":\"es\",\"url\":\"https:\/\/obaex.org\/wp-content\/uploads\/2020\/10\/gerardo.jpg\",\"contentUrl\":\"https:\/\/obaex.org\/wp-content\/uploads\/2020\/10\/gerardo.jpg\",\"width\":823,\"height\":483},{\"@type\":\"WebPage\",\"@id\":\"https:\/\/obaex.org\/?p=241#webpage\",\"url\":\"https:\/\/obaex.org\/?p=241\",\"name\":\"La dehesa es un ecosistema neutral en el flujo de CO2 - Observatorio Agroecol\\u00f3gico Extreme\\u00f1o\",\"isPartOf\":{\"@id\":\"https:\/\/obaex.org\/#website\"},\"primaryImageOfPage\":{\"@id\":\"https:\/\/obaex.org\/?p=241#primaryimage\"},\"datePublished\":\"2020-10-03T20:09:50+00:00\",\"dateModified\":\"2020-10-03T20:19:04+00:00\",\"author\":{\"@id\":\"https:\/\/obaex.org\/#\/schema\/person\/851e5170bc7838adaf075e2e319ff656\"},\"description\":\"La dehesa es un ecosistema neutral en el flujo de CO2 - An\\u00e1lisis de Gerardo Moreno en TVE sobre la influencia de la dehesa como ecosistema.\",\"breadcrumb\":{\"@id\":\"https:\/\/obaex.org\/?p=241#breadcrumb\"},\"inLanguage\":\"es\",\"potentialAction\":[{\"@type\":\"ReadAction\",\"target\":[\"https:\/\/obaex.org\/?p=241\"]}]},{\"@type\":\"BreadcrumbList\",\"@id\":\"https:\/\/obaex.org\/?p=241#breadcrumb\",\"itemListElement\":[{\"@type\":\"ListItem\",\"position\":1,\"name\":\"Home\",\"item\":\"https:\/\/obaex.org\/\"},{\"@type\":\"ListItem\",\"position\":2,\"name\":\"La dehesa es un ecosistema neutral en el flujo de CO2\"}]},{\"@type\":\"Person\",\"@id\":\"https:\/\/obaex.org\/#\/schema\/person\/851e5170bc7838adaf075e2e319ff656\",\"name\":\"admin\",\"image\":{\"@type\":\"ImageObject\",\"@id\":\"https:\/\/obaex.org\/#personlogo\",\"inLanguage\":\"es\",\"url\":\"https:\/\/secure.gravatar.com\/avatar\/487bb3bb5b471cc07287dcc92429b5f3?s=96&d=mm&r=g\",\"contentUrl\":\"https:\/\/secure.gravatar.com\/avatar\/487bb3bb5b471cc07287dcc92429b5f3?s=96&d=mm&r=g\",\"caption\":\"admin\"},\"sameAs\":[\"https:\/\/obaex.org\"],\"url\":\"https:\/\/obaex.org\/?author=1\"}]}<\/script>\n<!-- \/ Yoast SEO plugin. -->","yoast_head_json":{"description":"La dehesa es un ecosistema neutral en el flujo de CO2 - An\u00e1lisis de Gerardo Moreno en TVE sobre la influencia de la dehesa como ecosistema.","robots":{"index":"index","follow":"follow","max-snippet":"max-snippet:-1","max-image-preview":"max-image-preview:large","max-video-preview":"max-video-preview:-1"},"canonical":"https:\/\/obaex.org\/?p=241","og_locale":"es_ES","og_type":"article","og_title":"La dehesa es un ecosistema neutral en el flujo de CO2 - Observatorio Agroecol\u00f3gico Extreme\u00f1o","og_description":"La dehesa es un ecosistema neutral en el flujo de CO2 - An\u00e1lisis de Gerardo Moreno en TVE sobre la influencia de la dehesa como ecosistema.","og_url":"https:\/\/obaex.org\/?p=241","og_site_name":"Observatorio Agroecol\u00f3gico Extreme\u00f1o","article_published_time":"2020-10-03T20:09:50+00:00","article_modified_time":"2020-10-03T20:19:04+00:00","og_image":[{"width":823,"height":483,"url":"https:\/\/obaex.org\/wp-content\/uploads\/2020\/10\/gerardo.jpg","path":"\/var\/www\/vhosts\/39629303.servicio-online.net\/obaex.org\/wp-content\/uploads\/2020\/10\/gerardo.jpg","size":"full","id":244,"alt":"","pixels":397509,"type":"image\/jpeg"}],"twitter_card":"summary_large_image","twitter_misc":{"Escrito por":"admin"},"schema":{"@context":"https:\/\/schema.org","@graph":[{"@type":"WebSite","@id":"https:\/\/obaex.org\/#website","url":"https:\/\/obaex.org\/","name":"Observatorio Agroecol\u00f3gico Extreme\u00f1o","description":"Observatorio Agroecol\u00f3gico Extreme\u00f1o","potentialAction":[{"@type":"SearchAction","target":{"@type":"EntryPoint","urlTemplate":"https:\/\/obaex.org\/?s={search_term_string}"},"query-input":"required name=search_term_string"}],"inLanguage":"es"},{"@type":"ImageObject","@id":"https:\/\/obaex.org\/?p=241#primaryimage","inLanguage":"es","url":"https:\/\/obaex.org\/wp-content\/uploads\/2020\/10\/gerardo.jpg","contentUrl":"https:\/\/obaex.org\/wp-content\/uploads\/2020\/10\/gerardo.jpg","width":823,"height":483},{"@type":"WebPage","@id":"https:\/\/obaex.org\/?p=241#webpage","url":"https:\/\/obaex.org\/?p=241","name":"La dehesa es un ecosistema neutral en el flujo de CO2 - Observatorio Agroecol\u00f3gico Extreme\u00f1o","isPartOf":{"@id":"https:\/\/obaex.org\/#website"},"primaryImageOfPage":{"@id":"https:\/\/obaex.org\/?p=241#primaryimage"},"datePublished":"2020-10-03T20:09:50+00:00","dateModified":"2020-10-03T20:19:04+00:00","author":{"@id":"https:\/\/obaex.org\/#\/schema\/person\/851e5170bc7838adaf075e2e319ff656"},"description":"La dehesa es un ecosistema neutral en el flujo de CO2 - An\u00e1lisis de Gerardo Moreno en TVE sobre la influencia de la dehesa como ecosistema.","breadcrumb":{"@id":"https:\/\/obaex.org\/?p=241#breadcrumb"},"inLanguage":"es","potentialAction":[{"@type":"ReadAction","target":["https:\/\/obaex.org\/?p=241"]}]},{"@type":"BreadcrumbList","@id":"https:\/\/obaex.org\/?p=241#breadcrumb","itemListElement":[{"@type":"ListItem","position":1,"name":"Home","item":"https:\/\/obaex.org\/"},{"@type":"ListItem","position":2,"name":"La dehesa es un ecosistema neutral en el flujo de CO2"}]},{"@type":"Person","@id":"https:\/\/obaex.org\/#\/schema\/person\/851e5170bc7838adaf075e2e319ff656","name":"admin","image":{"@type":"ImageObject","@id":"https:\/\/obaex.org\/#personlogo","inLanguage":"es","url":"https:\/\/secure.gravatar.com\/avatar\/487bb3bb5b471cc07287dcc92429b5f3?s=96&d=mm&r=g","contentUrl":"https:\/\/secure.gravatar.com\/avatar\/487bb3bb5b471cc07287dcc92429b5f3?s=96&d=mm&r=g","caption":"admin"},"sameAs":["https:\/\/obaex.org"],"url":"https:\/\/obaex.org\/?author=1"}]}},"_links":{"self":[{"href":"https:\/\/obaex.org\/index.php?rest_route=\/wp\/v2\/posts\/241"}],"collection":[{"href":"https:\/\/obaex.org\/index.php?rest_route=\/wp\/v2\/posts"}],"about":[{"href":"https:\/\/obaex.org\/index.php?rest_route=\/wp\/v2\/types\/post"}],"author":[{"embeddable":true,"href":"https:\/\/obaex.org\/index.php?rest_route=\/wp\/v2\/users\/1"}],"replies":[{"embeddable":true,"href":"https:\/\/obaex.org\/index.php?rest_route=%2Fwp%2Fv2%2Fcomments&post=241"}],"version-history":[{"count":2,"href":"https:\/\/obaex.org\/index.php?rest_route=\/wp\/v2\/posts\/241\/revisions"}],"predecessor-version":[{"id":243,"href":"https:\/\/obaex.org\/index.php?rest_route=\/wp\/v2\/posts\/241\/revisions\/243"}],"wp:featuredmedia":[{"embeddable":true,"href":"https:\/\/obaex.org\/index.php?rest_route=\/wp\/v2\/media\/244"}],"wp:attachment":[{"href":"https:\/\/obaex.org\/index.php?rest_route=%2Fwp%2Fv2%2Fmedia&parent=241"}],"wp:term":[{"taxonomy":"category","embeddable":true,"href":"https:\/\/obaex.org\/index.php?rest_route=%2Fwp%2Fv2%2Fcategories&post=241"},{"taxonomy":"post_tag","embeddable":true,"href":"https:\/\/obaex.org\/index.php?rest_route=%2Fwp%2Fv2%2Ftags&post=241"}],"curies":[{"name":"wp","href":"https:\/\/api.w.org\/{rel}","templated":true}]}}